{"id":10190,"date":"2024-11-09T09:41:00","date_gmt":"2024-11-09T08:41:00","guid":{"rendered":"https:\/\/www.frenellesenvexin.fr\/site\/?p=10190"},"modified":"2026-01-13T22:55:14","modified_gmt":"2026-01-13T21:55:14","slug":"conseil-municipal-du-21-octobre-2024","status":"publish","type":"post","link":"https:\/\/www.frenellesenvexin.fr\/site\/conseil-municipal-du-21-octobre-2024\/","title":{"rendered":"Conseil Municipal du 21 octobre 2024"},"content":{"rendered":"<p>Le Conseil Municipal de la commune s&#8217;est r\u00e9uni le 21 octobre 2024 pour discuter de plusieurs points importants.<\/p>\n<p>&nbsp;<\/p>\n<p><strong>Cr\u00e9ation d&#8217;emplois permanents :<\/strong> Le Conseil a approuv\u00e9 la cr\u00e9ation d&#8217;emplois permanents d&#8217;adjoint administratif et de r\u00e9dacteur \u00e0 temps complet \u00e0 partir du 1er janvier 2025. Ces postes pourront \u00eatre occup\u00e9s par des fonctionnaires ou des agents contractuels. La r\u00e9mun\u00e9ration sera fix\u00e9e selon le cadre d&#8217;emplois concern\u00e9.<\/p>\n<p>&nbsp;<\/p>\n<p><strong>Validation du tableau des effectifs<\/strong> : Le tableau des effectifs et du temps de travail au 1er janvier 2025 a \u00e9t\u00e9 valid\u00e9. Il inclut des postes titulaires et contractuels dans diff\u00e9rentes fili\u00e8res administratives, techniques, d&#8217;animation et sanitaires et sociales.<\/p>\n<p>&nbsp;<\/p>\n<p><strong>D\u00e9cision Modificative n\u00b01\/2024<\/strong> : Des ajustements budg\u00e9taires ont \u00e9t\u00e9 approuv\u00e9s, incluant des r\u00e9ductions et des augmentations de d\u00e9penses de fonctionnement et d&#8217;investissement.<\/p>\n<p>&nbsp;<\/p>\n<p><strong>Frais scolaires 2024\/2025 :<\/strong> En raison de l&#8217;augmentation des co\u00fbts \u00e9nerg\u00e9tiques et des charges de personnel, les frais scolaires ont \u00e9t\u00e9 augment\u00e9s \u00e0 1 415,76\u20ac pour le maternel et 622,20\u20ac pour l&#8217;\u00e9l\u00e9mentaire.<\/p>\n<p>&nbsp;<\/p>\n<p><strong>Revalorisation des loyers des logements communaux 2025 :<\/strong> Les loyers des logements communaux ont \u00e9t\u00e9 augment\u00e9s de 3.26% par rapport \u00e0 l&#8217;indice de r\u00e9f\u00e9rence INSEE du 2\u00e8me trimestre 2024.<\/p>\n<p>&nbsp;<\/p>\n<p><strong>Tarif des salles des f\u00eates :<\/strong> Les tarifs de location des salles des f\u00eates ont \u00e9t\u00e9 augment\u00e9s de 5 \u20ac en raison des diverses augmentations de co\u00fbts. Une tarification horaire pour les heures avanc\u00e9es a \u00e9galement \u00e9t\u00e9 introduite.<\/p>\n<p>&nbsp;<\/p>\n<p><strong>Tarif des concessions de cimeti\u00e8re et columbarium :<\/strong> Les tarifs des concessions de cimeti\u00e8re et de columbarium ont \u00e9t\u00e9 valid\u00e9s pour 2025.<\/p>\n<p>&nbsp;<\/p>\n<p><strong>Reprise de s\u00e9pultures du cimeti\u00e8re de Fresne l\u2019Archev\u00eaque :<\/strong> La proc\u00e9dure de reprise des s\u00e9pultures est termin\u00e9e, et les travaux seront programm\u00e9s pour le printemps 2025.<\/p>\n<p>&nbsp;<\/p>\n<p><strong>Tarif cantine PAI :<\/strong> Le tarif pour les enfants b\u00e9n\u00e9ficiant de Protocoles d\u2019Accueil Individualis\u00e9 (PAI) a \u00e9t\u00e9 revaloris\u00e9 \u00e0 2,40 \u20ac.<\/p>\n<p>&nbsp;<\/p>\n<p><strong>Demande de subvention pour un multi-stade<\/strong> : Une demande de subvention a \u00e9t\u00e9 approuv\u00e9e pour l&#8217;installation d&#8217;un multi-stade et d&#8217;agr\u00e8s compl\u00e9mentaires \u00e0 Frenelles en Vexin, dans le cadre des Jeux Olympiques 2024.<\/p>\n<p>&nbsp;<\/p>\n<p><strong>Demande de subvention pour la r\u00e9habilitation d\u2019une salle adjacente \u00e0 l\u2019\u00e9cole<\/strong> : Une demande de subvention a \u00e9t\u00e9 approuv\u00e9e pour la r\u00e9habilitation d&#8217;une salle adjacente \u00e0 l&#8217;\u00e9cole de Boisemont, incluant des travaux d&#8217;isolation et de r\u00e9fection.<\/p>\n<p>&nbsp;<\/p>\n<p><strong>Retenue de caution pour un logement<\/strong> : Une caution de 1 060 \u20ac a \u00e9t\u00e9 retenue pour un logement rendu dans un \u00e9tat inacceptable, avec une facture additionnelle pour compl\u00e9ter les frais de remise en \u00e9tat.<\/p>\n<p>&nbsp;<\/p>\n<p><strong>Rapport local triennal de l\u2019artificialisation des sols<\/strong> : Le Conseil a d\u00e9battu et approuv\u00e9 le rapport local sur l&#8217;artificialisation des sols, conform\u00e9ment aux objectifs de la loi \u00ab Climat et R\u00e9silience \u00bb.<\/p>\n<p>&nbsp;<\/p>\n<p><strong>Informations diverses<\/strong> : Plusieurs points divers ont \u00e9t\u00e9 abord\u00e9s, incluant des march\u00e9s publics pour des projets de voirie, un contrat d&#8217;\u00e9lectricit\u00e9, des travaux de voirie, le curage d&#8217;une mare, la cr\u00e9ation d&#8217;un arr\u00eat de bus, des r\u00e9compenses pour les jeunes et les habitants, et des discussions sur l&#8217;\u00e9lagage et l&#8217;\u00e9cole.<\/p>\n<p>&nbsp;<\/p>\n<p>Pour plus de d\u00e9tails sur les d\u00e9cisions prises lors de ce Conseil Municipal, nous vous invitons \u00e0 consulter le compte-rendu et les d\u00e9lib\u00e9rations disponibles en cliquant sur les liens suivants :<\/p>\n<p>&nbsp;<\/p>\n<p><strong>D\u00e9lib\u00e9rations:<\/strong><\/p>\n<p><a href=\"https:\/\/www.frenellesenvexin.fr\/site\/wp-content\/uploads\/2024\/11\/31-2024-Creation-demploi-permanent.pdf\">31-2024 Cr\u00e9ation d&#8217;emploi permanent<\/a><\/p>\n<p><a href=\"https:\/\/www.frenellesenvexin.fr\/site\/wp-content\/uploads\/2024\/11\/32-2024-Tableau-des-effectifs-01-01-25.pdf\">32-2024 Tableau des effectifs 01-01-25<\/a><\/p>\n<p><a href=\"https:\/\/www.frenellesenvexin.fr\/site\/wp-content\/uploads\/2024\/11\/33-2024-DM-01-2024.pdf\">33-2024 DM 01-2024<\/a><\/p>\n<p><a href=\"https:\/\/www.frenellesenvexin.fr\/site\/wp-content\/uploads\/2024\/11\/34-2024-Frais-scolaires-2024-2025.pdf\">34-2024 Frais scolaires 2024-2025<\/a><\/p>\n<p><a href=\"https:\/\/www.frenellesenvexin.fr\/site\/wp-content\/uploads\/2024\/11\/35-2024-Revaloriation-loyers-au-1er-janvier-2025.pdf\">35-2024 Revaloriation loyers au 1er janvier 2025<\/a><\/p>\n<p><a href=\"https:\/\/www.frenellesenvexin.fr\/site\/wp-content\/uploads\/2024\/11\/36-2024-Tarif-salle-des-fetes-au-1er-janvier-2025.pdf\">36-2024 Tarif salle des f\u00eates au 1er janvier 2025<\/a><\/p>\n<p><a href=\"https:\/\/www.frenellesenvexin.fr\/site\/wp-content\/uploads\/2024\/11\/37-2024-Tarif-concession-cimetiere-2025.pdf\">37-2024 Tarif concession cimeti\u00e8re 2025<\/a><\/p>\n<p><a href=\"https:\/\/www.frenellesenvexin.fr\/site\/wp-content\/uploads\/2024\/11\/38-2024-Tarif-PAI.pdf\">38-2024 Tarif PAI<\/a><\/p>\n<p><a href=\"https:\/\/www.frenellesenvexin.fr\/site\/wp-content\/uploads\/2024\/11\/39-2024-Demande-de-subvention-DETR-multi-stade.pdf\">39-2024 Demande de subvention DETR multi stade<\/a><\/p>\n<p><a href=\"https:\/\/www.frenellesenvexin.fr\/site\/wp-content\/uploads\/2024\/11\/40-2024-Demande-de-subention-DETR-et-CAF.pdf\">40-2024 Demande de subention DETR et CAF<\/a><\/p>\n<p><a href=\"https:\/\/www.frenellesenvexin.fr\/site\/wp-content\/uploads\/2024\/11\/41-2024-Retenue-de-caution-lgt-1er-etage-gauche.pdf\">41-2024 Retenue de caution lgt 1er \u00e9tage gauche<\/a><\/p>\n<p><a href=\"https:\/\/www.frenellesenvexin.fr\/site\/wp-content\/uploads\/2024\/11\/42-2024-Approbation-de-la-nouvelle-longueur-de-voirie-communale.pdf\">42-2024 Approbation de la nouvelle longueur de voirie communale<\/a><\/p>\n<p><a href=\"https:\/\/www.frenellesenvexin.fr\/site\/wp-content\/uploads\/2024\/11\/43_2024-Debat-et-vote-du-rapport-local-triennal-de-lartificialisation-des-s.pdf\">43_2024 D\u00e9bat et vote du rapport local triennal de l&#8217;artificialisation des sols<\/a><\/p>\n<p><a href=\"https:\/\/www.frenellesenvexin.fr\/site\/wp-content\/uploads\/2024\/11\/44_2024-Creation-demploi-permanent-ANNULE-ET-REMPLACE.pdf\">44_2024 Cr\u00e9ation d&#8217;emploi permanent ANNULE ET REMPLACE<\/a><\/p>\n<p>&nbsp;<\/p>\n<p>&nbsp;<\/p>\n<p><strong>Compte-rendu:<\/strong><\/p>\n<p><a href=\"https:\/\/www.frenellesenvexin.fr\/site\/wp-content\/uploads\/2025\/04\/CR-du-21-10-24.pdf\">Compte-rendu du 21 octobre 2024<\/a><\/p>\n","protected":false},"excerpt":{"rendered":"<p>Le Conseil Municipal de la commune s&#8217;est r\u00e9uni le 21 octobre 2024 pour discuter de plusieurs points importants. &nbsp; Cr\u00e9ation d&#8217;emplois permanents : Le Conseil a approuv\u00e9 la cr\u00e9ation d&#8217;emplois permanents d&#8217;adjoint administratif et de r\u00e9dacteur \u00e0 temps complet \u00e0 partir du 1er janvier 2025. Ces postes pourront \u00eatre occup\u00e9s par des fonctionnaires ou des [&hellip;]<\/p>\n","protected":false},"author":2,"featured_media":10716,"comment_status":"closed","ping_status":"closed","sticky":false,"template":"","format":"standard","meta":{"footnotes":""},"categories":[56],"tags":[],"class_list":["post-10190","post","type-post","status-publish","format-standard","has-post-thumbnail","hentry","category-seances-du-conseil-municipal"],"_links":{"self":[{"href":"https:\/\/www.frenellesenvexin.fr\/site\/wp-json\/wp\/v2\/posts\/10190","targetHints":{"allow":["GET"]}}],"collection":[{"href":"https:\/\/www.frenellesenvexin.fr\/site\/wp-json\/wp\/v2\/posts"}],"about":[{"href":"https:\/\/www.frenellesenvexin.fr\/site\/wp-json\/wp\/v2\/types\/post"}],"author":[{"embeddable":true,"href":"https:\/\/www.frenellesenvexin.fr\/site\/wp-json\/wp\/v2\/users\/2"}],"replies":[{"embeddable":true,"href":"https:\/\/www.frenellesenvexin.fr\/site\/wp-json\/wp\/v2\/comments?post=10190"}],"version-history":[{"count":0,"href":"https:\/\/www.frenellesenvexin.fr\/site\/wp-json\/wp\/v2\/posts\/10190\/revisions"}],"wp:featuredmedia":[{"embeddable":true,"href":"https:\/\/www.frenellesenvexin.fr\/site\/wp-json\/wp\/v2\/media\/10716"}],"wp:attachment":[{"href":"https:\/\/www.frenellesenvexin.fr\/site\/wp-json\/wp\/v2\/media?parent=10190"}],"wp:term":[{"taxonomy":"category","embeddable":true,"href":"https:\/\/www.frenellesenvexin.fr\/site\/wp-json\/wp\/v2\/categories?post=10190"},{"taxonomy":"post_tag","embeddable":true,"href":"https:\/\/www.frenellesenvexin.fr\/site\/wp-json\/wp\/v2\/tags?post=10190"}],"curies":[{"name":"wp","href":"https:\/\/api.w.org\/{rel}","templated":true}]}}