{"id":10257,"date":"2025-04-09T15:39:13","date_gmt":"2025-04-09T13:39:13","guid":{"rendered":"https:\/\/www.frenellesenvexin.fr\/site\/?p=10257"},"modified":"2025-04-09T15:39:13","modified_gmt":"2025-04-09T13:39:13","slug":"bon-de-chauffage-une-aide-pour-les-personnes-agees-de-la-commune","status":"publish","type":"post","link":"https:\/\/www.frenellesenvexin.fr\/site\/bon-de-chauffage-une-aide-pour-les-personnes-agees-de-la-commune\/","title":{"rendered":"Bon de chauffage: Une Aide pour les Personnes \u00c2g\u00e9es de la Commune"},"content":{"rendered":"<p>Saviez-vous que le Centre Communal d&#8217;Action Sociale (CCAS) de notre commune propose une aide financi\u00e8re pour r\u00e9duire les factures d\u2019\u00e9nergie des personnes \u00e2g\u00e9es ? D\u00e9couvrez comment b\u00e9n\u00e9ficier du bon de chauffage et all\u00e9ger vos d\u00e9penses \u00e9nerg\u00e9tiques.<\/p>\n<p>&nbsp;<\/p>\n<p><strong>Qu&#8217;est-ce que le Bon de Chauffage ?<\/strong><\/p>\n<p>Le bon de chauffage est une initiative du CCAS visant \u00e0 soutenir les personnes \u00e2g\u00e9es de la commune dans leurs d\u00e9penses \u00e9nerg\u00e9tiques. Cette aide financi\u00e8re, octroy\u00e9e une fois par an, permet de r\u00e9duire les factures de fioul, d&#8217;\u00e9lectricit\u00e9, de bois, et autres sources d&#8217;\u00e9nergie.<\/p>\n<p>&nbsp;<\/p>\n<p><strong>Qui peut en b\u00e9n\u00e9ficier ?<\/strong><\/p>\n<p>Pour \u00eatre \u00e9ligible au bon de chauffage, vous devez :<\/p>\n<ul>\n<li>\u00catre \u00e2g\u00e9 de 70 ans ou plus ;<\/li>\n<li>R\u00e9sider dans la commune ;<\/li>\n<li>R\u00e9pondre \u00e0 certaines conditions de ressources.<\/li>\n<\/ul>\n<p><strong>Montant de l&#8217;aide<\/strong><\/p>\n<p>L&#8217;aide financi\u00e8re varie en fonction de votre situation familiale :<\/p>\n<ul>\n<li>90\u20ac pour un couple.<\/li>\n<li>110\u20ac pour une personne seule.<\/li>\n<\/ul>\n<p>&nbsp;<\/p>\n<p><strong>Comment faire la demande ?<\/strong><\/p>\n<p>Pour b\u00e9n\u00e9ficier du bon de chauffage, vous devez :<\/p>\n<ul>\n<li>V\u00e9rifier votre \u00e9ligibilit\u00e9 en fonction des crit\u00e8res mentionn\u00e9s;<\/li>\n<li>Contacter la Mairie;<\/li>\n<li>Fournir les documents justificatifs requis<\/li>\n<\/ul>\n<p>&nbsp;<\/p>\n<p>Le bon de chauffage est une aide pr\u00e9cieuse pour les personnes \u00e2g\u00e9es de notre commune. N&#8217;h\u00e9sitez pas \u00e0 v\u00e9rifier votre \u00e9ligibilit\u00e9 et \u00e0 faire votre demande pour b\u00e9n\u00e9ficier de cette aide financi\u00e8re. Pour plus d&#8217;informations, contactez la Mairie de la commune.<\/p>\n<p>&nbsp;<\/p>\n","protected":false},"excerpt":{"rendered":"<p>Saviez-vous que le Centre Communal d&#8217;Action Sociale (CCAS) de notre commune propose une aide financi\u00e8re pour r\u00e9duire les factures d\u2019\u00e9nergie des personnes \u00e2g\u00e9es ? D\u00e9couvrez comment b\u00e9n\u00e9ficier du bon de chauffage et all\u00e9ger vos d\u00e9penses \u00e9nerg\u00e9tiques. &nbsp; Qu&#8217;est-ce que le Bon de Chauffage ? Le bon de chauffage est une initiative du CCAS visant \u00e0 [&hellip;]<\/p>\n","protected":false},"author":2,"featured_media":10258,"comment_status":"closed","ping_status":"closed","sticky":false,"template":"","format":"standard","meta":{"footnotes":""},"categories":[116],"tags":[],"class_list":["post-10257","post","type-post","status-publish","format-standard","has-post-thumbnail","hentry","category-pouvoir-dachat"],"_links":{"self":[{"href":"https:\/\/www.frenellesenvexin.fr\/site\/wp-json\/wp\/v2\/posts\/10257","targetHints":{"allow":["GET"]}}],"collection":[{"href":"https:\/\/www.frenellesenvexin.fr\/site\/wp-json\/wp\/v2\/posts"}],"about":[{"href":"https:\/\/www.frenellesenvexin.fr\/site\/wp-json\/wp\/v2\/types\/post"}],"author":[{"embeddable":true,"href":"https:\/\/www.frenellesenvexin.fr\/site\/wp-json\/wp\/v2\/users\/2"}],"replies":[{"embeddable":true,"href":"https:\/\/www.frenellesenvexin.fr\/site\/wp-json\/wp\/v2\/comments?post=10257"}],"version-history":[{"count":0,"href":"https:\/\/www.frenellesenvexin.fr\/site\/wp-json\/wp\/v2\/posts\/10257\/revisions"}],"wp:featuredmedia":[{"embeddable":true,"href":"https:\/\/www.frenellesenvexin.fr\/site\/wp-json\/wp\/v2\/media\/10258"}],"wp:attachment":[{"href":"https:\/\/www.frenellesenvexin.fr\/site\/wp-json\/wp\/v2\/media?parent=10257"}],"wp:term":[{"taxonomy":"category","embeddable":true,"href":"https:\/\/www.frenellesenvexin.fr\/site\/wp-json\/wp\/v2\/categories?post=10257"},{"taxonomy":"post_tag","embeddable":true,"href":"https:\/\/www.frenellesenvexin.fr\/site\/wp-json\/wp\/v2\/tags?post=10257"}],"curies":[{"name":"wp","href":"https:\/\/api.w.org\/{rel}","templated":true}]}}