{"id":10326,"date":"2025-04-10T00:00:55","date_gmt":"2025-04-09T22:00:55","guid":{"rendered":"https:\/\/www.frenellesenvexin.fr\/site\/?p=10326"},"modified":"2025-04-10T00:01:14","modified_gmt":"2025-04-09T22:01:14","slug":"le-comite-des-fetes-de-fresne-larcheveque","status":"publish","type":"post","link":"https:\/\/www.frenellesenvexin.fr\/site\/le-comite-des-fetes-de-fresne-larcheveque\/","title":{"rendered":"Le Comit\u00e9 des F\u00eates de Fresne l&#8217;Archev\u00eaque"},"content":{"rendered":"<p>Comment le Comit\u00e9 des F\u00eates de Fresne l\u2019Archev\u00eaque a-t-il r\u00e9ussi \u00e0 organiser une foire \u00e0 tout m\u00e9morable malgr\u00e9 des conditions m\u00e9t\u00e9orologiques d\u00e9favorables ? D\u00e9couvrez les coulisses de cet \u00e9v\u00e9nement et les remerciements chaleureux de la pr\u00e9sidente Marie-Christine Boudeville.<\/p>\n<p>&nbsp;<\/p>\n<p><strong>Une Foire \u00e0 Tout sous la Pluie<\/strong><\/p>\n<p>L\u2019\u00e9dition 2024 de la foire \u00e0 tout de Fresne l\u2019Archev\u00eaque a \u00e9t\u00e9 marqu\u00e9e par des conditions m\u00e9t\u00e9orologiques difficiles. Malgr\u00e9 la pluie, les exposants ont brav\u00e9 les intemp\u00e9ries pour participer \u00e0 cet \u00e9v\u00e9nement annuel tant attendu. Leur d\u00e9vouement et leur enthousiasme ont permis de maintenir l\u2019ambiance festive et conviviale qui caract\u00e9rise cette manifestation.<\/p>\n<p>&nbsp;<\/p>\n<p><strong>Remerciements aux B\u00e9n\u00e9voles<\/strong><\/p>\n<p>Marie-Christine Boudeville, pr\u00e9sidente du Comit\u00e9 des F\u00eates, tient \u00e0 exprimer sa profonde gratitude envers tous les b\u00e9n\u00e9voles qui ont contribu\u00e9 \u00e0 la r\u00e9ussite de cette foire \u00e0 tout. Leur engagement et leur d\u00e9vouement ont \u00e9t\u00e9 essentiels pour assurer le bon d\u00e9roulement de l\u2019\u00e9v\u00e9nement, malgr\u00e9 les d\u00e9fis pos\u00e9s par la m\u00e9t\u00e9o.<\/p>\n<p>&nbsp;<\/p>\n<p><strong>Rendez-vous en 2025<\/strong><\/p>\n<p>Le Comit\u00e9 des F\u00eates de Fresne l\u2019Archev\u00eaque vous donne d\u00e9j\u00e0 rendez-vous le 1er juin 2025 pour la prochaine \u00e9dition de la foire \u00e0 tout. Esp\u00e9rons que le soleil sera au rendez-vous pour c\u00e9l\u00e9brer ensemble cette tradition locale.<\/p>\n<p>&nbsp;<\/p>\n<p>&nbsp;<\/p>\n<p>La foire \u00e0 tout de Fresne l\u2019Archev\u00eaque 2024 restera grav\u00e9e dans les m\u00e9moires comme un exemple de r\u00e9silience et de solidarit\u00e9. Merci \u00e0 tous les participants et \u00e0 tr\u00e8s bient\u00f4t pour de nouvelles aventures festives !<\/p>\n","protected":false},"excerpt":{"rendered":"<p>Comment le Comit\u00e9 des F\u00eates de Fresne l\u2019Archev\u00eaque a-t-il r\u00e9ussi \u00e0 organiser une foire \u00e0 tout m\u00e9morable malgr\u00e9 des conditions m\u00e9t\u00e9orologiques d\u00e9favorables ? D\u00e9couvrez les coulisses de cet \u00e9v\u00e9nement et les remerciements chaleureux de la pr\u00e9sidente Marie-Christine Boudeville. &nbsp; Une Foire \u00e0 Tout sous la Pluie L\u2019\u00e9dition 2024 de la foire \u00e0 tout de Fresne [&hellip;]<\/p>\n","protected":false},"author":2,"featured_media":10321,"comment_status":"closed","ping_status":"closed","sticky":false,"template":"","format":"standard","meta":{"footnotes":""},"categories":[67],"tags":[],"class_list":["post-10326","post","type-post","status-publish","format-standard","has-post-thumbnail","hentry","category-associations"],"_links":{"self":[{"href":"https:\/\/www.frenellesenvexin.fr\/site\/wp-json\/wp\/v2\/posts\/10326","targetHints":{"allow":["GET"]}}],"collection":[{"href":"https:\/\/www.frenellesenvexin.fr\/site\/wp-json\/wp\/v2\/posts"}],"about":[{"href":"https:\/\/www.frenellesenvexin.fr\/site\/wp-json\/wp\/v2\/types\/post"}],"author":[{"embeddable":true,"href":"https:\/\/www.frenellesenvexin.fr\/site\/wp-json\/wp\/v2\/users\/2"}],"replies":[{"embeddable":true,"href":"https:\/\/www.frenellesenvexin.fr\/site\/wp-json\/wp\/v2\/comments?post=10326"}],"version-history":[{"count":0,"href":"https:\/\/www.frenellesenvexin.fr\/site\/wp-json\/wp\/v2\/posts\/10326\/revisions"}],"wp:featuredmedia":[{"embeddable":true,"href":"https:\/\/www.frenellesenvexin.fr\/site\/wp-json\/wp\/v2\/media\/10321"}],"wp:attachment":[{"href":"https:\/\/www.frenellesenvexin.fr\/site\/wp-json\/wp\/v2\/media?parent=10326"}],"wp:term":[{"taxonomy":"category","embeddable":true,"href":"https:\/\/www.frenellesenvexin.fr\/site\/wp-json\/wp\/v2\/categories?post=10326"},{"taxonomy":"post_tag","embeddable":true,"href":"https:\/\/www.frenellesenvexin.fr\/site\/wp-json\/wp\/v2\/tags?post=10326"}],"curies":[{"name":"wp","href":"https:\/\/api.w.org\/{rel}","templated":true}]}}