{"id":10333,"date":"2025-04-10T00:26:31","date_gmt":"2025-04-09T22:26:31","guid":{"rendered":"https:\/\/www.frenellesenvexin.fr\/site\/?p=10333"},"modified":"2025-04-10T00:28:25","modified_gmt":"2025-04-09T22:28:25","slug":"dechetteries","status":"publish","type":"post","link":"https:\/\/www.frenellesenvexin.fr\/site\/dechetteries\/","title":{"rendered":"D\u00e9chetteries"},"content":{"rendered":"<p><img fetchpriority=\"high\" decoding=\"async\" class=\"alignleft wp-image-10334 size-medium\" src=\"https:\/\/www.frenellesenvexin.fr\/site\/wp-content\/uploads\/2025\/04\/infographie-1-291x300.png\" alt=\"\" width=\"291\" height=\"300\" srcset=\"https:\/\/www.frenellesenvexin.fr\/site\/wp-content\/uploads\/2025\/04\/infographie-1-291x300.png 291w, https:\/\/www.frenellesenvexin.fr\/site\/wp-content\/uploads\/2025\/04\/infographie-1.png 589w\" sizes=\"(max-width: 291px) 100vw, 291px\" \/>Les horaires de vos d\u00e9ch\u00e8teries \u00e9voluent au 1er janvier 2024 : les nouveaux horaires permettent une augmentation de l\u2019amplitude d\u2019ouverture par secteur g\u00e9ographique dans une volont\u00e9 d\u2019am\u00e9liorer le tri et la valorisation des d\u00e9chets. La d\u00e9sectorisation vous permettra d\u2019acc\u00e9der \u00e0 l\u2019ensemble du r\u00e9seau de d\u00e9ch\u00e8teries du lundi au samedi pour vos d\u00e9p\u00f4ts ainsi que l\u2019acc\u00e8s \u00e0 de nouvelles fili\u00e8res.<\/p>\n<p>&nbsp;<\/p>\n<p>&nbsp;<\/p>\n<p>&nbsp;<\/p>\n<p>&nbsp;<\/p>\n<p>&nbsp;<\/p>\n<div class=\"rte\">\n<p><strong><img decoding=\"async\" class=\"alignright size-medium wp-image-10336\" src=\"https:\/\/www.frenellesenvexin.fr\/site\/wp-content\/uploads\/2025\/04\/infographie-2-300x269.png\" alt=\"\" width=\"300\" height=\"269\" srcset=\"https:\/\/www.frenellesenvexin.fr\/site\/wp-content\/uploads\/2025\/04\/infographie-2-300x269.png 300w, https:\/\/www.frenellesenvexin.fr\/site\/wp-content\/uploads\/2025\/04\/infographie-2.png 590w\" sizes=\"(max-width: 300px) 100vw, 300px\" \/>Nouveaut\u00e9s :<\/strong>\u00a0<strong>De nouvelles fili\u00e8res pour les d\u00e9chets de la maison<\/strong><br \/>\nVenez y d\u00e9poser les objets de la maison en bois, plastique et mousse pour qu\u2019ils soient recycl\u00e9s : mobilier int\u00e9rieur et ext\u00e9rieur, literie, bricolage, jardin, jouets et articles de loisirs. Vous pourrez aussi y d\u00e9poser vos couettes et oreillers.*<\/p>\n<\/div>\n<div class=\"rte\">\n<p><strong>Nouvelle signal\u00e9tique : Pour l\u2019am\u00e9lioration de l\u2019accueil en d\u00e9ch\u00e8terie<\/strong><br \/>\nLes d\u00e9ch\u00e8teries font peau neuve ! Avec une refonte de la signal\u00e9tique horizontale et verticale, vos d\u00e9placements au sein de la d\u00e9ch\u00e8terie sont simplifi\u00e9s et le stationnement est s\u00e9curis\u00e9 lors de vos d\u00e9p\u00f4ts.<\/p>\n<\/div>\n<p>&nbsp;<\/p>\n<p><img decoding=\"async\" class=\"alignnone wp-image-10335 size-full\" src=\"https:\/\/www.frenellesenvexin.fr\/site\/wp-content\/uploads\/2025\/04\/horaires-1024x724-1.png\" alt=\"\" width=\"1024\" height=\"724\" srcset=\"https:\/\/www.frenellesenvexin.fr\/site\/wp-content\/uploads\/2025\/04\/horaires-1024x724-1.png 1024w, https:\/\/www.frenellesenvexin.fr\/site\/wp-content\/uploads\/2025\/04\/horaires-1024x724-1-300x212.png 300w, https:\/\/www.frenellesenvexin.fr\/site\/wp-content\/uploads\/2025\/04\/horaires-1024x724-1-768x543.png 768w\" sizes=\"(max-width: 1024px) 100vw, 1024px\" \/><\/p>\n","protected":false},"excerpt":{"rendered":"<p>Les horaires de vos d\u00e9ch\u00e8teries \u00e9voluent au 1er janvier 2024 : les nouveaux horaires permettent une augmentation de l\u2019amplitude d\u2019ouverture par secteur g\u00e9ographique dans une volont\u00e9 d\u2019am\u00e9liorer le tri et la valorisation des d\u00e9chets. La d\u00e9sectorisation vous permettra d\u2019acc\u00e9der \u00e0 l\u2019ensemble du r\u00e9seau de d\u00e9ch\u00e8teries du lundi au samedi pour vos d\u00e9p\u00f4ts ainsi que l\u2019acc\u00e8s [&hellip;]<\/p>\n","protected":false},"author":2,"featured_media":10337,"comment_status":"closed","ping_status":"closed","sticky":false,"template":"","format":"standard","meta":{"footnotes":""},"categories":[65],"tags":[],"class_list":["post-10333","post","type-post","status-publish","format-standard","has-post-thumbnail","hentry","category-transport-environnement-voirie"],"_links":{"self":[{"href":"https:\/\/www.frenellesenvexin.fr\/site\/wp-json\/wp\/v2\/posts\/10333","targetHints":{"allow":["GET"]}}],"collection":[{"href":"https:\/\/www.frenellesenvexin.fr\/site\/wp-json\/wp\/v2\/posts"}],"about":[{"href":"https:\/\/www.frenellesenvexin.fr\/site\/wp-json\/wp\/v2\/types\/post"}],"author":[{"embeddable":true,"href":"https:\/\/www.frenellesenvexin.fr\/site\/wp-json\/wp\/v2\/users\/2"}],"replies":[{"embeddable":true,"href":"https:\/\/www.frenellesenvexin.fr\/site\/wp-json\/wp\/v2\/comments?post=10333"}],"version-history":[{"count":0,"href":"https:\/\/www.frenellesenvexin.fr\/site\/wp-json\/wp\/v2\/posts\/10333\/revisions"}],"wp:featuredmedia":[{"embeddable":true,"href":"https:\/\/www.frenellesenvexin.fr\/site\/wp-json\/wp\/v2\/media\/10337"}],"wp:attachment":[{"href":"https:\/\/www.frenellesenvexin.fr\/site\/wp-json\/wp\/v2\/media?parent=10333"}],"wp:term":[{"taxonomy":"category","embeddable":true,"href":"https:\/\/www.frenellesenvexin.fr\/site\/wp-json\/wp\/v2\/categories?post=10333"},{"taxonomy":"post_tag","embeddable":true,"href":"https:\/\/www.frenellesenvexin.fr\/site\/wp-json\/wp\/v2\/tags?post=10333"}],"curies":[{"name":"wp","href":"https:\/\/api.w.org\/{rel}","templated":true}]}}